{"id":158,"date":"2022-01-24T17:12:22","date_gmt":"2022-01-24T17:12:22","guid":{"rendered":"http:\/\/fv-gsmarkelsheim.de\/?p=158"},"modified":"2022-01-24T17:12:22","modified_gmt":"2022-01-24T17:12:22","slug":"jahreshauptversammlung-mit-neuwahlen","status":"publish","type":"post","link":"https:\/\/fv-gsmarkelsheim.de\/?p=158","title":{"rendered":"Jahreshauptversammlung mit Neuwahlen"},"content":{"rendered":"\n<h2 class=\"wp-block-heading\">beim F\u00f6rderverein der Grundschule am Engelsberg Markelsheim e. V.<\/h2>\n\n\n\n<p>Am 10.11.2021 fand die Jahreshauptversammlung des F\u00f6rdervereines der Grundschule Markelsheim statt, welche ihre Mitglieder zur Versammlung satzungsgem\u00e4\u00df eingeladen hat. Der F\u00f6rderverein der Grundschule Markelsheim e. V. besteht nun seit 11 Jahren und kann sich aktuelle \u00fcber 86 Mitglieder erfreuen. Zweck des Vereins ist die F\u00f6rderung der Erziehung und Bildung, durch ideelle und finanzielle F\u00f6rderung der Arbeit der Grundschule Markelsheim im Zusammenarbeit mit den Mitarbeiterinnen(n) der Grundschule und der Elternschaft.<\/p>\n\n\n\n<p>Nach den Berichten der ersten Vorsitzenden, der Schriftf\u00fchrerin, des Kassiers und den Kassenpr\u00fcfern wurde die Entlastung der Vorstandschaft beantragt und jeweils einstimmig vollzogen.<\/p>\n\n\n\n<p>An dieser Stelle ein herzliches Dankesch\u00f6n an die Vorstandschaft und die langj\u00e4hrigen ehrenamtlichen Kassenpr\u00fcfer f\u00fcr ihr Engagement, ihren Einsatz und die gute Zusammenarbeit. Nicht zu vergessen sind nat\u00fcrlich auch die immer wieder ben\u00f6tigten flei\u00dfigen Helfer f\u00fcr die Umsetzung von Projekten oder die Bewirtung von Schulaktionen. An alle Helfer des F\u00f6rdervereines ein herzliches Dankesch\u00f6n. Weiteres Thema an der Jahreshauptversammlung war die teilweise Neuwahl der Vorstandschaft. Da im Jahr 2020 coronabedingt keine Jahreshauptversammlung stattfinden konnte, wurde abweichend zur urspr\u00fcnglichen Planung nur ein Teil der \u00c4mter der Vorstandschaft verabschiedet. <\/p>\n\n\n\n<figure class=\"wp-block-image size-large\"><img loading=\"lazy\" decoding=\"async\" width=\"1024\" height=\"637\" src=\"https:\/\/fv-gsmarkelsheim.de\/wp-content\/uploads\/2022\/01\/alter-Vorstand-bis-10.11.2021-1024x637.jpg\" alt=\"\" class=\"wp-image-160\" srcset=\"https:\/\/fv-gsmarkelsheim.de\/wp-content\/uploads\/2022\/01\/alter-Vorstand-bis-10.11.2021-1024x637.jpg 1024w, https:\/\/fv-gsmarkelsheim.de\/wp-content\/uploads\/2022\/01\/alter-Vorstand-bis-10.11.2021-300x187.jpg 300w, https:\/\/fv-gsmarkelsheim.de\/wp-content\/uploads\/2022\/01\/alter-Vorstand-bis-10.11.2021-768x478.jpg 768w, https:\/\/fv-gsmarkelsheim.de\/wp-content\/uploads\/2022\/01\/alter-Vorstand-bis-10.11.2021-1536x956.jpg 1536w, https:\/\/fv-gsmarkelsheim.de\/wp-content\/uploads\/2022\/01\/alter-Vorstand-bis-10.11.2021.jpg 2048w\" sizes=\"auto, (max-width: 1024px) 100vw, 1024px\" \/><figcaption>Verabschiedet wurden Christine Kuhnh\u00e4user als 1. Vorsitzende, Bettina Schmidt als 2. Vorsitzende, Ingo Mach als Beisitzer und Tanja Braun als Schriftf\u00fchrerin.<\/figcaption><\/figure>\n\n\n\n<p>Einige Vorstandsmitglieder haben sich dankenswerterweise bereit erkl\u00e4rt, noch ein weiteres Jahr in der neuen Vorstandschaft zu bleiben, um die neu Vorstandschaft zu unterst\u00fctzen und um nur einen Teil der Vorstands\u00e4mter neu besetzen zu m\u00fcssen. Herzlichen Dank hierf\u00fcr.<\/p>\n\n\n\n<p>Die neu gew\u00e4hlte erste Vorsitzende Stefanie Gl\u00f6ckner bedankt sich bei den ausscheidenden Vorstandsmitgliedern f\u00fcr die gute Zusammenarbeit und das eingebrachte Engagement. Ebenso bedankte sich Frau Neumann bei s\u00e4mtlichen Vorstandsmitgliedern f\u00fcr die gute und konstruktive Zusammenarbeit.<\/p>\n\n\n\n<p><strong>Als neue Vorstandschaft<\/strong> des F\u00f6rdervereins der Grundschule am Engelsberg Markelsheim e. V. wurden gew\u00e4hlt: Stefanie Gl\u00f6ckner als 1. Vorsitzende, Mattias Kleinschnitz als 2. Vorsitzender, Thomas Bach als Kassierer, Stephanie Bokmeier als Schriftf\u00fchrerin. Als Beisitzer wurden gew\u00e4hlt: Christian Lehr, Thomas Bauer, Diana Horwath, Svenja Model, Anja Bach. Andreas Kreuser und Norbert Mittnacht haben sich bereit erkl\u00e4rt, die Kassenpr\u00fcfung zu \u00fcbernehmen.<\/p>\n\n\n\n<figure class=\"wp-block-image size-full\"><img loading=\"lazy\" decoding=\"async\" width=\"1024\" height=\"973\" src=\"https:\/\/fv-gsmarkelsheim.de\/wp-content\/uploads\/2022\/01\/neuer-Vorstand-ab-November-2021.jpg\" alt=\"\" class=\"wp-image-161\" srcset=\"https:\/\/fv-gsmarkelsheim.de\/wp-content\/uploads\/2022\/01\/neuer-Vorstand-ab-November-2021.jpg 1024w, https:\/\/fv-gsmarkelsheim.de\/wp-content\/uploads\/2022\/01\/neuer-Vorstand-ab-November-2021-300x285.jpg 300w, https:\/\/fv-gsmarkelsheim.de\/wp-content\/uploads\/2022\/01\/neuer-Vorstand-ab-November-2021-768x730.jpg 768w\" sizes=\"auto, (max-width: 1024px) 100vw, 1024px\" \/><\/figure>\n","protected":false},"excerpt":{"rendered":"<p>beim F\u00f6rderverein der Grundschule am Engelsberg Markelsheim e. V. Am 10.11.2021 fand die Jahreshauptversammlung des F\u00f6rdervereines der Grundschule Markelsheim statt, welche ihre Mitglieder zur Versammlung satzungsgem\u00e4\u00df eingeladen hat. Der F\u00f6rderverein der Grundschule Markelsheim e. V. besteht nun seit 11 Jahren und kann sich aktuelle \u00fcber 86 Mitglieder erfreuen. Zweck des Vereins ist die F\u00f6rderung der [&hellip;]<\/p>\n","protected":false},"author":3,"featured_media":0,"comment_status":"closed","ping_status":"open","sticky":false,"template":"","format":"standard","meta":{"footnotes":""},"categories":[3,1],"tags":[],"class_list":["post-158","post","type-post","status-publish","format-standard","hentry","category-informationen","category-pressespiegel"],"_links":{"self":[{"href":"https:\/\/fv-gsmarkelsheim.de\/index.php?rest_route=\/wp\/v2\/posts\/158","targetHints":{"allow":["GET"]}}],"collection":[{"href":"https:\/\/fv-gsmarkelsheim.de\/index.php?rest_route=\/wp\/v2\/posts"}],"about":[{"href":"https:\/\/fv-gsmarkelsheim.de\/index.php?rest_route=\/wp\/v2\/types\/post"}],"author":[{"embeddable":true,"href":"https:\/\/fv-gsmarkelsheim.de\/index.php?rest_route=\/wp\/v2\/users\/3"}],"replies":[{"embeddable":true,"href":"https:\/\/fv-gsmarkelsheim.de\/index.php?rest_route=%2Fwp%2Fv2%2Fcomments&post=158"}],"version-history":[{"count":2,"href":"https:\/\/fv-gsmarkelsheim.de\/index.php?rest_route=\/wp\/v2\/posts\/158\/revisions"}],"predecessor-version":[{"id":162,"href":"https:\/\/fv-gsmarkelsheim.de\/index.php?rest_route=\/wp\/v2\/posts\/158\/revisions\/162"}],"wp:attachment":[{"href":"https:\/\/fv-gsmarkelsheim.de\/index.php?rest_route=%2Fwp%2Fv2%2Fmedia&parent=158"}],"wp:term":[{"taxonomy":"category","embeddable":true,"href":"https:\/\/fv-gsmarkelsheim.de\/index.php?rest_route=%2Fwp%2Fv2%2Fcategories&post=158"},{"taxonomy":"post_tag","embeddable":true,"href":"https:\/\/fv-gsmarkelsheim.de\/index.php?rest_route=%2Fwp%2Fv2%2Ftags&post=158"}],"curies":[{"name":"wp","href":"https:\/\/api.w.org\/{rel}","templated":true}]}}