{"id":103,"date":"2018-11-27T16:05:07","date_gmt":"2018-11-27T16:05:07","guid":{"rendered":"http:\/\/fv-gsmarkelsheim.de\/?p=103"},"modified":"2018-11-27T16:05:07","modified_gmt":"2018-11-27T16:05:07","slug":"foerderverein-der-grundschule-markelsheim-spendet-fuer-verbesserung-der-ausstattung-des-pc-raums-in-der-grundschule","status":"publish","type":"post","link":"https:\/\/fv-gsmarkelsheim.de\/?p=103","title":{"rendered":"F\u00f6rderverein der Grundschule Markelsheim spendet f\u00fcr Verbesserung der Ausstattung des PC Raums in der Grundschule"},"content":{"rendered":"<p>Digitale Medien pr\u00e4gen unsere kulturelle, soziale und wirtschaftliche Welt in einem vor wenigen Jahrzehnten noch nicht vorstellbarem Ausma\u00df. Insbesondere mit Blick auf die sp\u00e4tere Lern- und Arbeitswelt ist es unerl\u00e4sslich, dass Kinder fr\u00fchzeitig einen sinnvollen und kritischen Umgang mit den neuen Medien erlernen.<br \/>\nAus diesem Grund hat sich der F\u00f6rderverein der Grundschule Markelsheim unter anderem das Projekt \u201eVerbesserung der Ausstattung des PC Raumes f\u00fcr die Grundschule\u201c auf die Fahne geschrieben.<br \/>\nDer aktuelle Tabletbestand der Grundschule reichte jedoch nicht aus, um die Einbindung der multimedialen Erziehung in den Bildungsplan bei wachsenden Sch\u00fclerzahlen ausreichend gew\u00e4hrleisten zu k\u00f6nnen. Eine Anschaffung neuer Ger\u00e4te war aus dem vorhandenen Schulbudget aber nicht zu stemmen.<br \/>\nDaher spendete der F\u00f6rderverein der Grundschule Markelsheim kurzer Hand rd. 1.600,00 \u20ac, um dieses Projekt zu verwirklichen und den vorhandenen Bestand um f\u00fcnf Tablets zu erweitern. Der erforderliche Betrag kam u.a. durch die Einstellung des Projektes in die Aktion der Volksbank Main-Tauber eG \u201eWir-f\u00fcr-Hier\u201c, durch eine Spendenbriefaktion sowie durch sonstige Privatspenden zusammen.<br \/>\nDer F\u00f6rderverein der Grundschule, die Schulleiterin Frau Halbmann, die Lehrer und vor allem die Schulkinder bedanken sich recht herzlich f\u00fcr alle Spenden, die die Anschaffung der Tablets erm\u00f6glichten.<br \/>\nDas Foto zeigt die Vorsitzenden des F\u00f6rdervereins Christine Kuhnh\u00e4user und Bettina Schmidt mit Schulleiterin Monika Halbmann und einigen Kindern der Grundschule beim Ausprobieren der neuen Ger\u00e4te.<br \/>\nWer sich f\u00fcr die Arbeit des F\u00f6rdervereins der Grundschule am Engelsberg e.V. in Markelsheim interessiert oder selbst Mitglied werden m\u00f6chte, kann sich gerne auf der Homepage unter www.GS-Markelsheim.de informieren.<br \/>\nGerne sind auch Spenden willkommen.<br \/>\nSpendenkonto F\u00f6rderverein der Grundschule am Engelsberg e.V.:<br \/>\nIBAN: DE32 6739 0000 0084 288500, BIC: GENODE61WTH, Volksbank Main-Tauber eG<\/p>\n<p><img loading=\"lazy\" decoding=\"async\" src=\"https:\/\/fv-gsmarkelsheim.de\/wp-content\/uploads\/2018\/11\/FV20182-300x216.jpg\" alt=\"\" width=\"300\" height=\"216\" class=\"alignnone size-medium wp-image-105\" srcset=\"https:\/\/fv-gsmarkelsheim.de\/wp-content\/uploads\/2018\/11\/FV20182-300x216.jpg 300w, https:\/\/fv-gsmarkelsheim.de\/wp-content\/uploads\/2018\/11\/FV20182-768x554.jpg 768w, https:\/\/fv-gsmarkelsheim.de\/wp-content\/uploads\/2018\/11\/FV20182-1024x739.jpg 1024w, https:\/\/fv-gsmarkelsheim.de\/wp-content\/uploads\/2018\/11\/FV20182.jpg 1600w\" sizes=\"auto, (max-width: 300px) 100vw, 300px\" \/><\/p>\n<p><img loading=\"lazy\" decoding=\"async\" src=\"https:\/\/fv-gsmarkelsheim.de\/wp-content\/uploads\/2018\/11\/FV2018-300x292.jpg\" alt=\"\" width=\"300\" height=\"292\" class=\"alignnone size-medium wp-image-104\" srcset=\"https:\/\/fv-gsmarkelsheim.de\/wp-content\/uploads\/2018\/11\/FV2018-300x292.jpg 300w, https:\/\/fv-gsmarkelsheim.de\/wp-content\/uploads\/2018\/11\/FV2018-768x747.jpg 768w, https:\/\/fv-gsmarkelsheim.de\/wp-content\/uploads\/2018\/11\/FV2018.jpg 1024w\" sizes=\"auto, (max-width: 300px) 100vw, 300px\" \/><\/p>\n","protected":false},"excerpt":{"rendered":"<p>Digitale Medien pr\u00e4gen unsere kulturelle, soziale und wirtschaftliche Welt in einem vor wenigen Jahrzehnten noch nicht vorstellbarem Ausma\u00df. Insbesondere mit Blick auf die sp\u00e4tere Lern- und Arbeitswelt ist es unerl\u00e4sslich, dass Kinder fr\u00fchzeitig einen sinnvollen und kritischen Umgang mit den neuen Medien erlernen. Aus diesem Grund hat sich der F\u00f6rderverein der Grundschule Markelsheim unter anderem [&hellip;]<\/p>\n","protected":false},"author":3,"featured_media":0,"comment_status":"closed","ping_status":"open","sticky":false,"template":"","format":"standard","meta":{"footnotes":""},"categories":[1],"tags":[],"class_list":["post-103","post","type-post","status-publish","format-standard","hentry","category-pressespiegel"],"_links":{"self":[{"href":"https:\/\/fv-gsmarkelsheim.de\/index.php?rest_route=\/wp\/v2\/posts\/103","targetHints":{"allow":["GET"]}}],"collection":[{"href":"https:\/\/fv-gsmarkelsheim.de\/index.php?rest_route=\/wp\/v2\/posts"}],"about":[{"href":"https:\/\/fv-gsmarkelsheim.de\/index.php?rest_route=\/wp\/v2\/types\/post"}],"author":[{"embeddable":true,"href":"https:\/\/fv-gsmarkelsheim.de\/index.php?rest_route=\/wp\/v2\/users\/3"}],"replies":[{"embeddable":true,"href":"https:\/\/fv-gsmarkelsheim.de\/index.php?rest_route=%2Fwp%2Fv2%2Fcomments&post=103"}],"version-history":[{"count":2,"href":"https:\/\/fv-gsmarkelsheim.de\/index.php?rest_route=\/wp\/v2\/posts\/103\/revisions"}],"predecessor-version":[{"id":107,"href":"https:\/\/fv-gsmarkelsheim.de\/index.php?rest_route=\/wp\/v2\/posts\/103\/revisions\/107"}],"wp:attachment":[{"href":"https:\/\/fv-gsmarkelsheim.de\/index.php?rest_route=%2Fwp%2Fv2%2Fmedia&parent=103"}],"wp:term":[{"taxonomy":"category","embeddable":true,"href":"https:\/\/fv-gsmarkelsheim.de\/index.php?rest_route=%2Fwp%2Fv2%2Fcategories&post=103"},{"taxonomy":"post_tag","embeddable":true,"href":"https:\/\/fv-gsmarkelsheim.de\/index.php?rest_route=%2Fwp%2Fv2%2Ftags&post=103"}],"curies":[{"name":"wp","href":"https:\/\/api.w.org\/{rel}","templated":true}]}}